{"id":124195,"date":"2024-04-29T09:02:48","date_gmt":"2024-04-29T09:02:48","guid":{"rendered":"https:\/\/www.socios.com\/real-madrid-vs-bayern-munich-uefa-champions-league-semifinal\/"},"modified":"2024-04-29T10:20:46","modified_gmt":"2024-04-29T10:20:46","slug":"real-madrid-vs-bayern-munich-uefa-champions-league-semifinal","status":"publish","type":"post","link":"https:\/\/www.socios.com\/es\/real-madrid-vs-bayern-munich-uefa-champions-league-semifinal\/","title":{"rendered":"Real Madrid vs Bayern Munich &#8211; Semifinal de la UEFA Champions League"},"content":{"rendered":"\n<p>Tras una emocionante jornada en la <strong>Champions League<\/strong>, en la que el Real Madrid super\u00f3 al Manchester City, defensor del t\u00edtulo, y el Bayern de M\u00fanich al Arsenal, el escenario est\u00e1 listo para una de las grandes semifinales europeas: Real Madrid-Bayern de M\u00fanich.<\/p>\n\n\n\n<p>Dos titanes del f\u00fatbol se enfrentar\u00e1n en una <strong>semifinal<\/strong> inolvidable.<\/p>\n\n\n\n<p>Es un encuentro cargado de significado hist\u00f3rico. Los Blancos son el equipo m\u00e1s laureado de la historia de la Champions League, con 14 t\u00edtulos en su palmar\u00e9s.<\/p>\n\n\n\n<p>El Bayern de M\u00fanich, por su parte, ha levantado seis veces el famoso trofeo.<\/p>\n\n\n\n<p>Ser\u00e1 un duelo fascinante. A continuaci\u00f3n, te ofrecemos nuestra previa completa.<\/p>\n\n\n\n<h2 class=\"wp-block-heading\"><strong>Partido de ida &#8211; Horario, lugar de encuentro y principales detalles<\/strong><\/h2>\n\n\n\n<p>El partido <strong>comienza a las 21:00 hora espa\u00f1ola del martes 30 de abril<\/strong>. Tendr\u00e1 lugar <strong>en Munich en el estadio Allianz Arena<\/strong>.<\/p>\n\n\n\n<p>No hace falta decir que el partido de ida es muy importante y determinar\u00e1 el desarrollo de toda la eliminatoria.<\/p>\n\n\n\n<p>Si el Real Madrid consigue llevar alg\u00fan tipo de ventaja hacia Alemania, el partido quedar\u00e1 abierto. El gigante alem\u00e1n tendr\u00e1 que salir a por todas, en busca del gol que le vuelva a meter en el partido.<\/p>\n\n\n\n<p>Si el Bayern consigue llevarse una peque\u00f1a ventaja a casa, el famoso p\u00fablico b\u00e1varo podr\u00eda entrar en juego. Sin embargo, ante el Real Madrid, el duelo ser\u00e1 muy intenso, debido a los talentos ofensivos que atesora.<\/p>\n\n\n\n<p>Los altibajos del deporte rey se manifestar\u00e1n en un partido que promete ser emblem\u00e1tico.<\/p>\n\n\n\n<h2 class=\"wp-block-heading\"><strong>D\u00f3nde podremos ver el Bayern de Munich &#8211; Real Madrid en TV<\/strong><\/h2>\n\n\n\n<p>Podremos verlo en en <strong>Movistar Liga de Campeones 60<\/strong>, <strong>Movistar Liga de Campeones UHD<\/strong> <strong>441<\/strong> y LaLiga TV Bar<\/p>\n\n\n\n<h2 class=\"wp-block-heading\"><strong>Partido de vuelta &#8211; Estadio, fecha y principales detalles<\/strong><\/h2>\n\n\n\n<p><strong>El partido de vuelta se disputar\u00e1 el mi\u00e9rcoles 8 de mayo a las 21:00 hora espa\u00f1ola, en el estadio Santiago Bernab\u00e9u<\/strong>. <\/p>\n\n\n\n<p>Con la ventaja de jugar en casa en el partido de vuelta, el Bayern de M\u00fanich tratar\u00e1 de remontar cualquier ventaja de un par de goles.<\/p>\n\n\n\n<p>Es el partido decisivo de la eliminatoria. \u00bfQui\u00e9n saldr\u00e1 vencedor?<\/p>\n\n\n\n<h2 class=\"wp-block-heading\"><strong>Historia y enfrentamientos previos<\/strong><\/h2>\n\n\n\n<p>Ser\u00e1 la primera vez que estos dos se enfrenten desde 2018, cuando el Real Madrid se impuso por un global de 4-3 en una semifinal en la que iba camino de levantar el trofeo esa temporada.<\/p>\n\n\n\n<p>Hubo goles de Marcelo, Marco Asensio y dos de Karim Benzema para el club espa\u00f1ol en ambos partidos, mientras que para el Bayern de M\u00fanich, Joshua Kimmich y James Rodr\u00edguez marcaron.<\/p>\n\n\n\n<p>De esos goleadores, es probable que solo Joshua Kimmich sea titular en este encuentro, ya que los dem\u00e1s jugadores han cambiado de equipo.<\/p>\n\n\n\n<p>En los \u00faltimos seis enfrentamientos entre ambos, los Blancos no han perdido. Hay que remontarse a 2012 para encontrar la \u00faltima vez que el Bayern de M\u00fanich sali\u00f3 victorioso.<\/p>\n\n\n\n<h2 class=\"wp-block-heading\"><strong>An\u00e1lisis t\u00e1ctico y enfrentamientos clave<\/strong><\/h2>\n\n\n\n<p>Se podr\u00eda decir que el Real Madrid tiene la delantera m\u00e1s din\u00e1mica y emocionante del mundo, con una mezcla perfecta de juventud y experiencia.<\/p>\n\n\n\n<p>Vinicius J\u00fanior, Jude Bellingham y Rodrygo se encuentran entre los atacantes m\u00e1s emocionantes, con el ingl\u00e9s demostrando ser el complemento perfecto como nueve alternativo para la agilidad y el movimiento de sus compa\u00f1eros brasile\u00f1os.<\/p>\n\n\n\n<p>Pero el Real Madrid no se f\u00eda del talento de Harry Kane. El n\u00famero nueve ha tenido su mejor temporada desde un punto de vista profesional, Lleva 42 goles en todas las competiciones en su campa\u00f1a de debut para el Bayern, superando su anterior mejor cosecha de 41 para el Tottenham en 2017-18.<\/p>\n\n\n\n<p>Si detienen a Kane, el Real Madrid confiar\u00e1 en su capacidad para llegar a otra final.<\/p>\n\n\n\n<h2 class=\"wp-block-heading\"><strong>Forma de los jugadores e impacto<\/strong><\/h2>\n\n\n\n<p>No s\u00f3lo Harry Kane acapara todas las miradas: Jude Bellingham gan\u00f3 el Premio Laureus del Deporte Mundial a la Revelaci\u00f3n del A\u00f1o, imponi\u00e9ndose a corredores de media distancia de la talla de Josh Kerr y la estrella del tenis Coco Gauff.<\/p>\n\n\n\n<p>Es un talento incre\u00edble, con fuerza, velocidad y capacidad de remate para aterrorizar a las defensas rivales durante toda la competici\u00f3n.<\/p>\n\n\n\n<p>En el Bayern de M\u00fanich, Kimmich es otro jugador que podr\u00eda ser la clave para los hombres de Thomas Tuchel. Con 29 a\u00f1os, el internacional alem\u00e1n ya tiene experiencia. Un motor en el centro del campo que puede encontrar la red con regularidad, el Real Madrid tendr\u00e1 que ejecutar un plan para \u00e9l.<\/p>\n\n\n\n<h2 class=\"wp-block-heading\"><strong>Pron\u00f3sticos y expectativas<\/strong><\/h2>\n\n\n\n<p>Sin duda se tratar\u00e1 de un partido muy disputado, pero esta es la competici\u00f3n del Real Madrid.<\/p>\n\n\n\n<p>Podemos ver a los Blancos ganando ambos partidos y avanzando a otra final.<\/p>\n","protected":false},"excerpt":{"rendered":"<p>Tras una emocionante jornada en la Champions League, en la que el Real Madrid super\u00f3 al Manchester City, defensor del t\u00edtulo, y el Bayern de M\u00fanich al Arsenal, el escenario est\u00e1 listo para una de las grandes semifinales europeas: Real Madrid-Bayern de M\u00fanich. Dos titanes del f\u00fatbol se enfrentar\u00e1n en una semifinal inolvidable. Es un [&hellip;]<\/p>\n","protected":false},"author":7,"featured_media":124164,"comment_status":"closed","ping_status":"open","sticky":false,"template":"","format":"standard","meta":{"_acf_changed":false,"footnotes":""},"categories":[147],"tags":[],"blog-category":[120],"class_list":["post-124195","post","type-post","status-publish","format-standard","has-post-thumbnail","hentry","category-blog-en-es","blog-category-sports"],"acf":[],"yoast_head":"<!-- This site is optimized with the Yoast SEO plugin v26.2 - https:\/\/yoast.com\/wordpress\/plugins\/seo\/ -->\n<title>Real Madrid vs Bayern Munich - Semifinal de la UEFA Champions League - Socios.com<\/title>\n<meta name=\"description\" content=\"Descubre la \u00e9pica semifinal de la Champions League: Real Madrid vs Bayern M\u00fanich. Dos gigantes del f\u00fatbol se enfrentan en un duelo hist\u00f3rico. \u00a1Lee nuestro previo ahora!\" \/>\n<meta name=\"robots\" content=\"index, follow, max-snippet:-1, max-image-preview:large, max-video-preview:-1\" \/>\n<link rel=\"canonical\" href=\"https:\/\/www.socios.com\/es\/real-madrid-vs-bayern-munich-uefa-champions-league-semifinal\/\" \/>\n<meta property=\"og:locale\" content=\"es_ES\" \/>\n<meta property=\"og:type\" content=\"article\" \/>\n<meta property=\"og:title\" content=\"Real Madrid vs Bayern Munich - Semifinal de la UEFA Champions League - Socios.com\" \/>\n<meta property=\"og:description\" content=\"Descubre la \u00e9pica semifinal de la Champions League: Real Madrid vs Bayern M\u00fanich. Dos gigantes del f\u00fatbol se enfrentan en un duelo hist\u00f3rico. \u00a1Lee nuestro previo ahora!\" \/>\n<meta property=\"og:url\" content=\"https:\/\/www.socios.com\/es\/real-madrid-vs-bayern-munich-uefa-champions-league-semifinal\/\" \/>\n<meta property=\"og:site_name\" content=\"Socios.com\" \/>\n<meta property=\"article:published_time\" content=\"2024-04-29T09:02:48+00:00\" \/>\n<meta property=\"article:modified_time\" content=\"2024-04-29T10:20:46+00:00\" \/>\n<meta property=\"og:image\" content=\"https:\/\/www.socios.com\/wp-content\/uploads\/2024\/04\/Real-Madrid-vs-Bayern-Munich-UEFA-Champions-League-Semifinals_.jpg\" \/>\n\t<meta property=\"og:image:width\" content=\"1920\" \/>\n\t<meta property=\"og:image:height\" content=\"1080\" \/>\n\t<meta property=\"og:image:type\" content=\"image\/jpeg\" \/>\n<meta name=\"author\" content=\"Carlos Cano\" \/>\n<meta name=\"twitter:card\" content=\"summary_large_image\" \/>\n<meta name=\"twitter:label1\" content=\"Escrito por\" \/>\n\t<meta name=\"twitter:data1\" content=\"Carlos Cano\" \/>\n\t<meta name=\"twitter:label2\" content=\"Tiempo de lectura\" \/>\n\t<meta name=\"twitter:data2\" content=\"4 minutos\" \/>\n<script type=\"application\/ld+json\" class=\"yoast-schema-graph\">{\"@context\":\"https:\/\/schema.org\",\"@graph\":[{\"@type\":\"Article\",\"@id\":\"https:\/\/www.socios.com\/es\/real-madrid-vs-bayern-munich-uefa-champions-league-semifinal\/#article\",\"isPartOf\":{\"@id\":\"https:\/\/www.socios.com\/es\/real-madrid-vs-bayern-munich-uefa-champions-league-semifinal\/\"},\"author\":{\"name\":\"Carlos Cano\",\"@id\":\"https:\/\/www.socios.com\/es\/#\/schema\/person\/53285ccf3511e1d5974ac31020223688\"},\"headline\":\"Real Madrid vs Bayern Munich &#8211; Semifinal de la UEFA Champions League\",\"datePublished\":\"2024-04-29T09:02:48+00:00\",\"dateModified\":\"2024-04-29T10:20:46+00:00\",\"mainEntityOfPage\":{\"@id\":\"https:\/\/www.socios.com\/es\/real-madrid-vs-bayern-munich-uefa-champions-league-semifinal\/\"},\"wordCount\":807,\"publisher\":{\"@id\":\"https:\/\/www.socios.com\/es\/#organization\"},\"image\":{\"@id\":\"https:\/\/www.socios.com\/es\/real-madrid-vs-bayern-munich-uefa-champions-league-semifinal\/#primaryimage\"},\"thumbnailUrl\":\"https:\/\/www.socios.com\/wp-content\/uploads\/2024\/04\/Real-Madrid-vs-Bayern-Munich-UEFA-Champions-League-Semifinals_.jpg\",\"articleSection\":[\"Blog\"],\"inLanguage\":\"es\"},{\"@type\":\"WebPage\",\"@id\":\"https:\/\/www.socios.com\/es\/real-madrid-vs-bayern-munich-uefa-champions-league-semifinal\/\",\"url\":\"https:\/\/www.socios.com\/es\/real-madrid-vs-bayern-munich-uefa-champions-league-semifinal\/\",\"name\":\"Real Madrid vs Bayern Munich - Semifinal de la UEFA Champions League - Socios.com\",\"isPartOf\":{\"@id\":\"https:\/\/www.socios.com\/es\/#website\"},\"primaryImageOfPage\":{\"@id\":\"https:\/\/www.socios.com\/es\/real-madrid-vs-bayern-munich-uefa-champions-league-semifinal\/#primaryimage\"},\"image\":{\"@id\":\"https:\/\/www.socios.com\/es\/real-madrid-vs-bayern-munich-uefa-champions-league-semifinal\/#primaryimage\"},\"thumbnailUrl\":\"https:\/\/www.socios.com\/wp-content\/uploads\/2024\/04\/Real-Madrid-vs-Bayern-Munich-UEFA-Champions-League-Semifinals_.jpg\",\"datePublished\":\"2024-04-29T09:02:48+00:00\",\"dateModified\":\"2024-04-29T10:20:46+00:00\",\"description\":\"Descubre la \u00e9pica semifinal de la Champions League: Real Madrid vs Bayern M\u00fanich. Dos gigantes del f\u00fatbol se enfrentan en un duelo hist\u00f3rico. \u00a1Lee nuestro previo ahora!\",\"breadcrumb\":{\"@id\":\"https:\/\/www.socios.com\/es\/real-madrid-vs-bayern-munich-uefa-champions-league-semifinal\/#breadcrumb\"},\"inLanguage\":\"es\",\"potentialAction\":[{\"@type\":\"ReadAction\",\"target\":[\"https:\/\/www.socios.com\/es\/real-madrid-vs-bayern-munich-uefa-champions-league-semifinal\/\"]}]},{\"@type\":\"ImageObject\",\"inLanguage\":\"es\",\"@id\":\"https:\/\/www.socios.com\/es\/real-madrid-vs-bayern-munich-uefa-champions-league-semifinal\/#primaryimage\",\"url\":\"https:\/\/www.socios.com\/wp-content\/uploads\/2024\/04\/Real-Madrid-vs-Bayern-Munich-UEFA-Champions-League-Semifinals_.jpg\",\"contentUrl\":\"https:\/\/www.socios.com\/wp-content\/uploads\/2024\/04\/Real-Madrid-vs-Bayern-Munich-UEFA-Champions-League-Semifinals_.jpg\",\"width\":1920,\"height\":1080,\"caption\":\"Real Madrid vs Bayern Munich - UEFA Champions League Semifinals_\"},{\"@type\":\"BreadcrumbList\",\"@id\":\"https:\/\/www.socios.com\/es\/real-madrid-vs-bayern-munich-uefa-champions-league-semifinal\/#breadcrumb\",\"itemListElement\":[{\"@type\":\"ListItem\",\"position\":1,\"name\":\"Home\",\"item\":\"https:\/\/www.socios.com\/es\/\"},{\"@type\":\"ListItem\",\"position\":2,\"name\":\"Real Madrid vs Bayern Munich &#8211; Semifinal de la UEFA Champions League\"}]},{\"@type\":\"WebSite\",\"@id\":\"https:\/\/www.socios.com\/es\/#website\",\"url\":\"https:\/\/www.socios.com\/es\/\",\"name\":\"Socios.com\",\"description\":\"\",\"publisher\":{\"@id\":\"https:\/\/www.socios.com\/es\/#organization\"},\"potentialAction\":[{\"@type\":\"SearchAction\",\"target\":{\"@type\":\"EntryPoint\",\"urlTemplate\":\"https:\/\/www.socios.com\/es\/?s={search_term_string}\"},\"query-input\":{\"@type\":\"PropertyValueSpecification\",\"valueRequired\":true,\"valueName\":\"search_term_string\"}}],\"inLanguage\":\"es\"},{\"@type\":\"Organization\",\"@id\":\"https:\/\/www.socios.com\/es\/#organization\",\"name\":\"Socios.com\",\"url\":\"https:\/\/www.socios.com\/es\/\",\"logo\":{\"@type\":\"ImageObject\",\"inLanguage\":\"es\",\"@id\":\"https:\/\/www.socios.com\/es\/#\/schema\/logo\/image\/\",\"url\":\"https:\/\/www.socios.com\/wp-content\/uploads\/2023\/09\/socios-logo.webp\",\"contentUrl\":\"https:\/\/www.socios.com\/wp-content\/uploads\/2023\/09\/socios-logo.webp\",\"width\":1920,\"height\":341,\"caption\":\"Socios.com\"},\"image\":{\"@id\":\"https:\/\/www.socios.com\/es\/#\/schema\/logo\/image\/\"}},{\"@type\":\"Person\",\"@id\":\"https:\/\/www.socios.com\/es\/#\/schema\/person\/53285ccf3511e1d5974ac31020223688\",\"name\":\"Carlos Cano\",\"image\":{\"@type\":\"ImageObject\",\"inLanguage\":\"es\",\"@id\":\"https:\/\/www.socios.com\/es\/#\/schema\/person\/image\/\",\"url\":\"https:\/\/secure.gravatar.com\/avatar\/145c8c334e3afe3f4b2fe433d7378c192704d5fe986e757a3267b9410a224b41?s=96&d=mm&r=g\",\"contentUrl\":\"https:\/\/secure.gravatar.com\/avatar\/145c8c334e3afe3f4b2fe433d7378c192704d5fe986e757a3267b9410a224b41?s=96&d=mm&r=g\",\"caption\":\"Carlos Cano\"},\"url\":\"https:\/\/www.socios.com\/es\/author\/carloscano\/\"}]}<\/script>\n<!-- \/ Yoast SEO plugin. -->","yoast_head_json":{"title":"Real Madrid vs Bayern Munich - Semifinal de la UEFA Champions League - Socios.com","description":"Descubre la \u00e9pica semifinal de la Champions League: Real Madrid vs Bayern M\u00fanich. Dos gigantes del f\u00fatbol se enfrentan en un duelo hist\u00f3rico. \u00a1Lee nuestro previo ahora!","robots":{"index":"index","follow":"follow","max-snippet":"max-snippet:-1","max-image-preview":"max-image-preview:large","max-video-preview":"max-video-preview:-1"},"canonical":"https:\/\/www.socios.com\/es\/real-madrid-vs-bayern-munich-uefa-champions-league-semifinal\/","og_locale":"es_ES","og_type":"article","og_title":"Real Madrid vs Bayern Munich - Semifinal de la UEFA Champions League - Socios.com","og_description":"Descubre la \u00e9pica semifinal de la Champions League: Real Madrid vs Bayern M\u00fanich. Dos gigantes del f\u00fatbol se enfrentan en un duelo hist\u00f3rico. \u00a1Lee nuestro previo ahora!","og_url":"https:\/\/www.socios.com\/es\/real-madrid-vs-bayern-munich-uefa-champions-league-semifinal\/","og_site_name":"Socios.com","article_published_time":"2024-04-29T09:02:48+00:00","article_modified_time":"2024-04-29T10:20:46+00:00","og_image":[{"width":1920,"height":1080,"url":"https:\/\/www.socios.com\/wp-content\/uploads\/2024\/04\/Real-Madrid-vs-Bayern-Munich-UEFA-Champions-League-Semifinals_.jpg","type":"image\/jpeg"}],"author":"Carlos Cano","twitter_card":"summary_large_image","twitter_misc":{"Escrito por":"Carlos Cano","Tiempo de lectura":"4 minutos"},"schema":{"@context":"https:\/\/schema.org","@graph":[{"@type":"Article","@id":"https:\/\/www.socios.com\/es\/real-madrid-vs-bayern-munich-uefa-champions-league-semifinal\/#article","isPartOf":{"@id":"https:\/\/www.socios.com\/es\/real-madrid-vs-bayern-munich-uefa-champions-league-semifinal\/"},"author":{"name":"Carlos Cano","@id":"https:\/\/www.socios.com\/es\/#\/schema\/person\/53285ccf3511e1d5974ac31020223688"},"headline":"Real Madrid vs Bayern Munich &#8211; Semifinal de la UEFA Champions League","datePublished":"2024-04-29T09:02:48+00:00","dateModified":"2024-04-29T10:20:46+00:00","mainEntityOfPage":{"@id":"https:\/\/www.socios.com\/es\/real-madrid-vs-bayern-munich-uefa-champions-league-semifinal\/"},"wordCount":807,"publisher":{"@id":"https:\/\/www.socios.com\/es\/#organization"},"image":{"@id":"https:\/\/www.socios.com\/es\/real-madrid-vs-bayern-munich-uefa-champions-league-semifinal\/#primaryimage"},"thumbnailUrl":"https:\/\/www.socios.com\/wp-content\/uploads\/2024\/04\/Real-Madrid-vs-Bayern-Munich-UEFA-Champions-League-Semifinals_.jpg","articleSection":["Blog"],"inLanguage":"es"},{"@type":"WebPage","@id":"https:\/\/www.socios.com\/es\/real-madrid-vs-bayern-munich-uefa-champions-league-semifinal\/","url":"https:\/\/www.socios.com\/es\/real-madrid-vs-bayern-munich-uefa-champions-league-semifinal\/","name":"Real Madrid vs Bayern Munich - Semifinal de la UEFA Champions League - Socios.com","isPartOf":{"@id":"https:\/\/www.socios.com\/es\/#website"},"primaryImageOfPage":{"@id":"https:\/\/www.socios.com\/es\/real-madrid-vs-bayern-munich-uefa-champions-league-semifinal\/#primaryimage"},"image":{"@id":"https:\/\/www.socios.com\/es\/real-madrid-vs-bayern-munich-uefa-champions-league-semifinal\/#primaryimage"},"thumbnailUrl":"https:\/\/www.socios.com\/wp-content\/uploads\/2024\/04\/Real-Madrid-vs-Bayern-Munich-UEFA-Champions-League-Semifinals_.jpg","datePublished":"2024-04-29T09:02:48+00:00","dateModified":"2024-04-29T10:20:46+00:00","description":"Descubre la \u00e9pica semifinal de la Champions League: Real Madrid vs Bayern M\u00fanich. Dos gigantes del f\u00fatbol se enfrentan en un duelo hist\u00f3rico. \u00a1Lee nuestro previo ahora!","breadcrumb":{"@id":"https:\/\/www.socios.com\/es\/real-madrid-vs-bayern-munich-uefa-champions-league-semifinal\/#breadcrumb"},"inLanguage":"es","potentialAction":[{"@type":"ReadAction","target":["https:\/\/www.socios.com\/es\/real-madrid-vs-bayern-munich-uefa-champions-league-semifinal\/"]}]},{"@type":"ImageObject","inLanguage":"es","@id":"https:\/\/www.socios.com\/es\/real-madrid-vs-bayern-munich-uefa-champions-league-semifinal\/#primaryimage","url":"https:\/\/www.socios.com\/wp-content\/uploads\/2024\/04\/Real-Madrid-vs-Bayern-Munich-UEFA-Champions-League-Semifinals_.jpg","contentUrl":"https:\/\/www.socios.com\/wp-content\/uploads\/2024\/04\/Real-Madrid-vs-Bayern-Munich-UEFA-Champions-League-Semifinals_.jpg","width":1920,"height":1080,"caption":"Real Madrid vs Bayern Munich - UEFA Champions League Semifinals_"},{"@type":"BreadcrumbList","@id":"https:\/\/www.socios.com\/es\/real-madrid-vs-bayern-munich-uefa-champions-league-semifinal\/#breadcrumb","itemListElement":[{"@type":"ListItem","position":1,"name":"Home","item":"https:\/\/www.socios.com\/es\/"},{"@type":"ListItem","position":2,"name":"Real Madrid vs Bayern Munich &#8211; Semifinal de la UEFA Champions League"}]},{"@type":"WebSite","@id":"https:\/\/www.socios.com\/es\/#website","url":"https:\/\/www.socios.com\/es\/","name":"Socios.com","description":"","publisher":{"@id":"https:\/\/www.socios.com\/es\/#organization"},"potentialAction":[{"@type":"SearchAction","target":{"@type":"EntryPoint","urlTemplate":"https:\/\/www.socios.com\/es\/?s={search_term_string}"},"query-input":{"@type":"PropertyValueSpecification","valueRequired":true,"valueName":"search_term_string"}}],"inLanguage":"es"},{"@type":"Organization","@id":"https:\/\/www.socios.com\/es\/#organization","name":"Socios.com","url":"https:\/\/www.socios.com\/es\/","logo":{"@type":"ImageObject","inLanguage":"es","@id":"https:\/\/www.socios.com\/es\/#\/schema\/logo\/image\/","url":"https:\/\/www.socios.com\/wp-content\/uploads\/2023\/09\/socios-logo.webp","contentUrl":"https:\/\/www.socios.com\/wp-content\/uploads\/2023\/09\/socios-logo.webp","width":1920,"height":341,"caption":"Socios.com"},"image":{"@id":"https:\/\/www.socios.com\/es\/#\/schema\/logo\/image\/"}},{"@type":"Person","@id":"https:\/\/www.socios.com\/es\/#\/schema\/person\/53285ccf3511e1d5974ac31020223688","name":"Carlos Cano","image":{"@type":"ImageObject","inLanguage":"es","@id":"https:\/\/www.socios.com\/es\/#\/schema\/person\/image\/","url":"https:\/\/secure.gravatar.com\/avatar\/145c8c334e3afe3f4b2fe433d7378c192704d5fe986e757a3267b9410a224b41?s=96&d=mm&r=g","contentUrl":"https:\/\/secure.gravatar.com\/avatar\/145c8c334e3afe3f4b2fe433d7378c192704d5fe986e757a3267b9410a224b41?s=96&d=mm&r=g","caption":"Carlos Cano"},"url":"https:\/\/www.socios.com\/es\/author\/carloscano\/"}]}},"_links":{"self":[{"href":"https:\/\/www.socios.com\/es\/wp-json\/wp\/v2\/posts\/124195","targetHints":{"allow":["GET"]}}],"collection":[{"href":"https:\/\/www.socios.com\/es\/wp-json\/wp\/v2\/posts"}],"about":[{"href":"https:\/\/www.socios.com\/es\/wp-json\/wp\/v2\/types\/post"}],"author":[{"embeddable":true,"href":"https:\/\/www.socios.com\/es\/wp-json\/wp\/v2\/users\/7"}],"replies":[{"embeddable":true,"href":"https:\/\/www.socios.com\/es\/wp-json\/wp\/v2\/comments?post=124195"}],"version-history":[{"count":0,"href":"https:\/\/www.socios.com\/es\/wp-json\/wp\/v2\/posts\/124195\/revisions"}],"wp:featuredmedia":[{"embeddable":true,"href":"https:\/\/www.socios.com\/es\/wp-json\/wp\/v2\/media\/124164"}],"wp:attachment":[{"href":"https:\/\/www.socios.com\/es\/wp-json\/wp\/v2\/media?parent=124195"}],"wp:term":[{"taxonomy":"category","embeddable":true,"href":"https:\/\/www.socios.com\/es\/wp-json\/wp\/v2\/categories?post=124195"},{"taxonomy":"post_tag","embeddable":true,"href":"https:\/\/www.socios.com\/es\/wp-json\/wp\/v2\/tags?post=124195"},{"taxonomy":"blog-category","embeddable":true,"href":"https:\/\/www.socios.com\/es\/wp-json\/wp\/v2\/blog-category?post=124195"}],"curies":[{"name":"wp","href":"https:\/\/api.w.org\/{rel}","templated":true}]}}