{"id":112044,"date":"2022-10-27T11:10:48","date_gmt":"2022-10-27T11:10:48","guid":{"rendered":"http:\/\/localhost:8888\/dev-socios\/alex-dreyfus-il-ceo-di-socios-com-prende-la-parola-sul-palco-centrale-del-web-summit-con-alessandro-del-piero\/"},"modified":"2022-10-27T11:10:48","modified_gmt":"2022-10-27T11:10:48","slug":"alex-dreyfus-il-ceo-di-socios-com-prende-la-parola-sul-palco-centrale-del-web-summit-con-alessandro-del-piero","status":"publish","type":"post","link":"https:\/\/www.socios.com\/it\/alex-dreyfus-il-ceo-di-socios-com-prende-la-parola-sul-palco-centrale-del-web-summit-con-alessandro-del-piero\/","title":{"rendered":"ALEX DREYFUS, IL CEO DI SOCIOS.COM, PRENDE LA PAROLA SUL PALCO CENTRALE DEL WEB SUMMIT CON ALESSANDRO DEL PIERO"},"content":{"rendered":"\n<figure class=\"wp-block-image size-large\"><img decoding=\"async\" src=\"https:\/\/www.socios.com\/wp-content\/uploads\/2021\/07\/Web-Summit-IT-1024x576-1.jpg\" alt=\"\" class=\"wp-image-84758\"\/><\/figure>\n\n\n\n<p>Il CEO di Socios.com, Alexandre Dreyfus, e il nostro brand ambassador, nonch\u00e9 campione del mondo, Alessandro Del Piero, spiegheranno come la tecnologia blockchain cambier\u00e0 il futuro della tifoseria al Web Summit gioved\u00ec prossimo, il 3 novembre.&nbsp;<\/p>\n\n\n\n<p>Alle 15:50 (orario CET), Alex e Alessandro prenderanno la parola sul palco centrale dell\u2019Altice Arena di Lisbona per rivolgersi a un pubblico di personaggi di rilievo del mondo tech a livello mondiale per illustrare il ruolo centrale di Socios.com e dei Fan Token nella creazione di un\u2019esperienza pi\u00f9 coinvolgente e pi\u00f9 gratificante per i tifosi.<\/p>\n\n\n\n<p>Dopo una serie di edizioni soggette a limitazioni o svolte interamente da remoto, il Web Summit di quest\u2019anno sar\u00e0 la prima edizione post-pandemia ad essere svolta interamente in presenza e senza restrizioni, con l\u2019arrivo previsto nella capitale portoghese di 70.000 persone che prenderanno parte all\u2019evento.<\/p>\n\n\n\n<p>In passato hanno preso la parola all\u2019evento CEO di aziende leader a livello mondiale, pionieri del progresso, celebrit\u00e0 e politici, tra cui personalit\u00e0 come Stephen Hawking, Elon Musk, Al Gore e il Segretario Generale delle Nazioni Unite, Ant\u00f3nio Guterres.&nbsp;<\/p>\n\n\n\n<p>L\u2019evento di quest\u2019anno prevede la partecipazione dei fondatori e delle figure chiave di Airbnb, Revolut e Microsoft. Saranno inoltre presenti personalit\u00e0 eminenti del mondo sportivo, tra cui Rio Ferdinand e il campione UFC Conor McGregor. Oltre a Socios.com, saranno presenti altri nomi di rilievo dell\u2019industria blockchain, come Changpeng Zhao \u2018CZ\u2019, fondatore di Binance, S\u00e9bastien Borget, co-fondatore di The Sandbox e Sandeep Nailwal, co-fondatore di Polygon.&nbsp;<\/p>\n\n\n\n<p>Oltre all\u2019intervento sul palco centrale, Alex interverr\u00e0 anche sul palco dedicato alla Crypto con il CEO di Candy Digital, Scott Lawin, alle 11:30 (orario CET), per discutere le implicazioni della convergenza del mondo dello sport con quello delle cryptovalute. Nel pomeriggio, Alex e Alessandro Del Piero apriranno alle domande sul palco dedicato ai Q&amp;A.&nbsp;<\/p>\n\n\n\n<p><strong>Alex ha affermato,<\/strong> \u201cSiamo fermamente convinti che la tecnologia blockchain possa migliorare l\u2019esperienza dei tifosi in modo significativo.<\/p>\n\n\n\n<p>\u201cAbbiamo costruito una rete per gli sport a livello mondiale e abbiamo creato una community all\u2019avanguardia su Socios.com, dove i tifosi possono interagire ed essere premiati grazie ai Fan Token.<\/p>\n\n\n\n<p>\u201cLe criptovalute costruite sulla blockchain di Chiliz sono modulabili, permettendo di raggiungere milioni di tifosi, e aiutando le squadre di raggiungere le tifoserie in modo massivo.<\/p>\n\n\n\n<p>\u201cLe squadre pi\u00f9 importanti a livello mondiale si sono unite alla piattaforma di Socios.com perch\u00e9 credono nella nostra idea. Non vedo l\u2019ora di poter illustrare la visione di Socios.com al Web Summit con il sostegno del nostro brand ambassador e campione del mondo Alessandro Del Piero, che a sua volta crede che accedere a nuovi modi di coinvolgere e premiare i tifosi grazie alle ultime tecnologie sia la chiave per regalare un\u2019esperienza migliore ai tifosi.\u201d<\/p>\n\n\n\n<p><strong>Alessandro added:<\/strong> \u201cPer me \u00e8 un grande onore poter seguire le orme delle incredibili atlete e atleti che mi hanno preceduto sul palco centrale del Web Summit.<\/p>\n\n\n\n<p>\u201cFarlo per conto di Socios.com, un\u2019azienda impegnata nella creazione di un futuro migliore per i tifosi attraverso le tecnologie pi\u00f9 moderne, rende questa opportunit\u00e0 unica ancora pi\u00f9 speciale.\u201d<\/p>\n\n\n\n<p><strong>Socios.com al Web Summit: Altice Arena, Lisbona, 03\/11\/2022<\/strong><\/p>\n\n\n\n<hr class=\"wp-block-separator has-alpha-channel-opacity\"\/>\n\n\n\n<p><strong><em>When sports and crypto collide&nbsp;<\/em><\/strong><\/p>\n\n\n\n<p>Palco Crypto &#8211; 12:30 &#8211; 12:50 CET \/ 11: 30 &#8211; 11.50 ora locale (Lisbona)<\/p>\n\n\n\n<p><strong>Relatori<\/strong><\/p>\n\n\n\n<p>Alexandre Dreyfus, Fondatore e CEO, Socios.com e Chiliz<\/p>\n\n\n\n<p>Scott Lawin &#8211; CEO, Candy Digital<\/p>\n\n\n\n<p><strong>Moderatori<\/strong><\/p>\n\n\n\n<p>Anna Irrera &#8211; Senior Editor per la Crypto, Bloomberg News<\/p>\n\n\n\n<hr class=\"wp-block-separator has-alpha-channel-opacity\"\/>\n\n\n\n<p><strong><em>How blockchain will change the future of fandom, with Alessandro Del Piero&nbsp;<\/em><\/strong><\/p>\n\n\n\n<p>Palco Centrale &#8211; 15:50 &#8211; 16:10 CET \/ 14: 50 &#8211; 15.10 ora locale (Lisbona)<\/p>\n\n\n\n<p><strong>Relatori<\/strong><\/p>\n\n\n\n<p>Alexandre Dreyfus &#8211; Fondatore e CEO, Socios.com e Chiliz<\/p>\n\n\n\n<p>Alessandro Del Piero &#8211; Global Brand Ambassador, Socios.com&nbsp;<\/p>\n\n\n\n<p><strong>Moderatori<\/strong><\/p>\n\n\n\n<p>Laurie Segall &#8211; fondatrice e CEO, Dot Dot Dot Media<\/p>\n\n\n\n<hr class=\"wp-block-separator has-alpha-channel-opacity\"\/>\n\n\n\n<p><strong><em>Q&amp;A with World Cup winner Alessandro Del Piero and Socios.com and Chiliz CEO Alexandre Dreyfus<\/em><\/strong><\/p>\n\n\n\n<p>Q&amp;A Stage &#8211; 17:00 &#8211; 17:30 CET \/ 16:00 &#8211; 16:30 ora locale (Lisbona)<\/p>\n\n\n\n<p><strong>Relatori<\/strong><\/p>\n\n\n\n<p>Alexandre Dreyfus &#8211; Fondatore e CEO, Socios.com e Chiliz<\/p>\n\n\n\n<p>Alessandro Del Piero &#8211; Global Brand Ambassador, Socios.com&nbsp;<\/p>\n\n\n\n<hr class=\"wp-block-separator has-alpha-channel-opacity\"\/>\n","protected":false},"excerpt":{"rendered":"<p>Il CEO di Socios.com, Alexandre Dreyfus, e il nostro brand ambassador, nonch\u00e9 campione del mondo, Alessandro Del Piero, spiegheranno come la tecnologia blockchain cambier\u00e0 il futuro della tifoseria al Web Summit gioved\u00ec prossimo, il 3 novembre.&nbsp; Alle 15:50 (orario CET), Alex e Alessandro prenderanno la parola sul palco centrale dell\u2019Altice Arena di Lisbona per rivolgersi [&hellip;]<\/p>\n","protected":false},"author":9,"featured_media":112045,"comment_status":"","ping_status":"open","sticky":false,"template":"","format":"standard","meta":{"_acf_changed":false,"footnotes":""},"categories":[79],"tags":[],"blog-category":[112],"class_list":["post-112044","post","type-post","status-publish","format-standard","has-post-thumbnail","hentry","category-blog-en","blog-category-socios-news"],"acf":[],"yoast_head":"<!-- This site is optimized with the Yoast SEO plugin v26.2 - https:\/\/yoast.com\/wordpress\/plugins\/seo\/ -->\n<title>ALEX DREYFUS, IL CEO DI SOCIOS.COM, PRENDE LA PAROLA SUL PALCO CENTRALE DEL WEB SUMMIT CON ALESSANDRO DEL PIERO - Socios.com<\/title>\n<meta name=\"robots\" content=\"index, follow, max-snippet:-1, max-image-preview:large, max-video-preview:-1\" \/>\n<link rel=\"canonical\" href=\"https:\/\/www.socios.com\/it\/alex-dreyfus-il-ceo-di-socios-com-prende-la-parola-sul-palco-centrale-del-web-summit-con-alessandro-del-piero\/\" \/>\n<meta property=\"og:locale\" content=\"it_IT\" \/>\n<meta property=\"og:type\" content=\"article\" \/>\n<meta property=\"og:title\" content=\"ALEX DREYFUS, IL CEO DI SOCIOS.COM, PRENDE LA PAROLA SUL PALCO CENTRALE DEL WEB SUMMIT CON ALESSANDRO DEL PIERO - Socios.com\" \/>\n<meta property=\"og:description\" content=\"Il CEO di Socios.com, Alexandre Dreyfus, e il nostro brand ambassador, nonch\u00e9 campione del mondo, Alessandro Del Piero, spiegheranno come la tecnologia blockchain cambier\u00e0 il futuro della tifoseria al Web Summit gioved\u00ec prossimo, il 3 novembre.&nbsp; Alle 15:50 (orario CET), Alex e Alessandro prenderanno la parola sul palco centrale dell\u2019Altice Arena di Lisbona per rivolgersi [&hellip;]\" \/>\n<meta property=\"og:url\" content=\"https:\/\/www.socios.com\/it\/alex-dreyfus-il-ceo-di-socios-com-prende-la-parola-sul-palco-centrale-del-web-summit-con-alessandro-del-piero\/\" \/>\n<meta property=\"og:site_name\" content=\"Socios.com\" \/>\n<meta property=\"article:published_time\" content=\"2022-10-27T11:10:48+00:00\" \/>\n<meta property=\"og:image\" content=\"https:\/\/www.socios.com\/wp-content\/uploads\/2021\/07\/Web-Summit-IT-1024x576-1.jpg\" \/>\n<meta name=\"author\" content=\"Socios.com\" \/>\n<meta name=\"twitter:card\" content=\"summary_large_image\" \/>\n<meta name=\"twitter:label1\" content=\"Scritto da\" \/>\n\t<meta name=\"twitter:data1\" content=\"Socios.com\" \/>\n\t<meta name=\"twitter:label2\" content=\"Tempo di lettura stimato\" \/>\n\t<meta name=\"twitter:data2\" content=\"3 minuti\" \/>\n<script type=\"application\/ld+json\" class=\"yoast-schema-graph\">{\"@context\":\"https:\/\/schema.org\",\"@graph\":[{\"@type\":\"Article\",\"@id\":\"https:\/\/www.socios.com\/it\/alex-dreyfus-il-ceo-di-socios-com-prende-la-parola-sul-palco-centrale-del-web-summit-con-alessandro-del-piero\/#article\",\"isPartOf\":{\"@id\":\"https:\/\/www.socios.com\/it\/alex-dreyfus-il-ceo-di-socios-com-prende-la-parola-sul-palco-centrale-del-web-summit-con-alessandro-del-piero\/\"},\"author\":{\"name\":\"Socios.com\",\"@id\":\"https:\/\/www.socios.com\/it\/#\/schema\/person\/fb1e17f78419b00c336f2f0a0db27142\"},\"headline\":\"ALEX DREYFUS, IL CEO DI SOCIOS.COM, PRENDE LA PAROLA SUL PALCO CENTRALE DEL WEB SUMMIT CON ALESSANDRO DEL PIERO\",\"datePublished\":\"2022-10-27T11:10:48+00:00\",\"mainEntityOfPage\":{\"@id\":\"https:\/\/www.socios.com\/it\/alex-dreyfus-il-ceo-di-socios-com-prende-la-parola-sul-palco-centrale-del-web-summit-con-alessandro-del-piero\/\"},\"wordCount\":697,\"publisher\":{\"@id\":\"https:\/\/www.socios.com\/it\/#organization\"},\"image\":{\"@id\":\"https:\/\/www.socios.com\/it\/alex-dreyfus-il-ceo-di-socios-com-prende-la-parola-sul-palco-centrale-del-web-summit-con-alessandro-del-piero\/#primaryimage\"},\"thumbnailUrl\":\"https:\/\/www.socios.com\/wp-content\/uploads\/2022\/10\/Web-Summit-IT-2.jpg\",\"articleSection\":[\"Blog\"],\"inLanguage\":\"it-IT\"},{\"@type\":\"WebPage\",\"@id\":\"https:\/\/www.socios.com\/it\/alex-dreyfus-il-ceo-di-socios-com-prende-la-parola-sul-palco-centrale-del-web-summit-con-alessandro-del-piero\/\",\"url\":\"https:\/\/www.socios.com\/it\/alex-dreyfus-il-ceo-di-socios-com-prende-la-parola-sul-palco-centrale-del-web-summit-con-alessandro-del-piero\/\",\"name\":\"ALEX DREYFUS, IL CEO DI SOCIOS.COM, PRENDE LA PAROLA SUL PALCO CENTRALE DEL WEB SUMMIT CON ALESSANDRO DEL PIERO - Socios.com\",\"isPartOf\":{\"@id\":\"https:\/\/www.socios.com\/it\/#website\"},\"primaryImageOfPage\":{\"@id\":\"https:\/\/www.socios.com\/it\/alex-dreyfus-il-ceo-di-socios-com-prende-la-parola-sul-palco-centrale-del-web-summit-con-alessandro-del-piero\/#primaryimage\"},\"image\":{\"@id\":\"https:\/\/www.socios.com\/it\/alex-dreyfus-il-ceo-di-socios-com-prende-la-parola-sul-palco-centrale-del-web-summit-con-alessandro-del-piero\/#primaryimage\"},\"thumbnailUrl\":\"https:\/\/www.socios.com\/wp-content\/uploads\/2022\/10\/Web-Summit-IT-2.jpg\",\"datePublished\":\"2022-10-27T11:10:48+00:00\",\"breadcrumb\":{\"@id\":\"https:\/\/www.socios.com\/it\/alex-dreyfus-il-ceo-di-socios-com-prende-la-parola-sul-palco-centrale-del-web-summit-con-alessandro-del-piero\/#breadcrumb\"},\"inLanguage\":\"it-IT\",\"potentialAction\":[{\"@type\":\"ReadAction\",\"target\":[\"https:\/\/www.socios.com\/it\/alex-dreyfus-il-ceo-di-socios-com-prende-la-parola-sul-palco-centrale-del-web-summit-con-alessandro-del-piero\/\"]}]},{\"@type\":\"ImageObject\",\"inLanguage\":\"it-IT\",\"@id\":\"https:\/\/www.socios.com\/it\/alex-dreyfus-il-ceo-di-socios-com-prende-la-parola-sul-palco-centrale-del-web-summit-con-alessandro-del-piero\/#primaryimage\",\"url\":\"https:\/\/www.socios.com\/wp-content\/uploads\/2022\/10\/Web-Summit-IT-2.jpg\",\"contentUrl\":\"https:\/\/www.socios.com\/wp-content\/uploads\/2022\/10\/Web-Summit-IT-2.jpg\",\"width\":1920,\"height\":1080},{\"@type\":\"BreadcrumbList\",\"@id\":\"https:\/\/www.socios.com\/it\/alex-dreyfus-il-ceo-di-socios-com-prende-la-parola-sul-palco-centrale-del-web-summit-con-alessandro-del-piero\/#breadcrumb\",\"itemListElement\":[{\"@type\":\"ListItem\",\"position\":1,\"name\":\"Home\",\"item\":\"https:\/\/www.socios.com\/it\/\"},{\"@type\":\"ListItem\",\"position\":2,\"name\":\"ALEX DREYFUS, IL CEO DI SOCIOS.COM, PRENDE LA PAROLA SUL PALCO CENTRALE DEL WEB SUMMIT CON ALESSANDRO DEL PIERO\"}]},{\"@type\":\"WebSite\",\"@id\":\"https:\/\/www.socios.com\/it\/#website\",\"url\":\"https:\/\/www.socios.com\/it\/\",\"name\":\"Socios.com\",\"description\":\"\",\"publisher\":{\"@id\":\"https:\/\/www.socios.com\/it\/#organization\"},\"potentialAction\":[{\"@type\":\"SearchAction\",\"target\":{\"@type\":\"EntryPoint\",\"urlTemplate\":\"https:\/\/www.socios.com\/it\/?s={search_term_string}\"},\"query-input\":{\"@type\":\"PropertyValueSpecification\",\"valueRequired\":true,\"valueName\":\"search_term_string\"}}],\"inLanguage\":\"it-IT\"},{\"@type\":\"Organization\",\"@id\":\"https:\/\/www.socios.com\/it\/#organization\",\"name\":\"Socios.com\",\"url\":\"https:\/\/www.socios.com\/it\/\",\"logo\":{\"@type\":\"ImageObject\",\"inLanguage\":\"it-IT\",\"@id\":\"https:\/\/www.socios.com\/it\/#\/schema\/logo\/image\/\",\"url\":\"https:\/\/www.socios.com\/wp-content\/uploads\/2023\/09\/socios-logo.webp\",\"contentUrl\":\"https:\/\/www.socios.com\/wp-content\/uploads\/2023\/09\/socios-logo.webp\",\"width\":1920,\"height\":341,\"caption\":\"Socios.com\"},\"image\":{\"@id\":\"https:\/\/www.socios.com\/it\/#\/schema\/logo\/image\/\"}},{\"@type\":\"Person\",\"@id\":\"https:\/\/www.socios.com\/it\/#\/schema\/person\/fb1e17f78419b00c336f2f0a0db27142\",\"name\":\"Socios.com\",\"image\":{\"@type\":\"ImageObject\",\"inLanguage\":\"it-IT\",\"@id\":\"https:\/\/www.socios.com\/it\/#\/schema\/person\/image\/\",\"url\":\"https:\/\/secure.gravatar.com\/avatar\/5bc7fb5e18757f1e35f806dde506e7dddc340045ab67884dd3f88e56b7eef1a2?s=96&d=mm&r=g\",\"contentUrl\":\"https:\/\/secure.gravatar.com\/avatar\/5bc7fb5e18757f1e35f806dde506e7dddc340045ab67884dd3f88e56b7eef1a2?s=96&d=mm&r=g\",\"caption\":\"Socios.com\"},\"url\":\"https:\/\/www.socios.com\/it\/author\/socios\/\"}]}<\/script>\n<!-- \/ Yoast SEO plugin. -->","yoast_head_json":{"title":"ALEX DREYFUS, IL CEO DI SOCIOS.COM, PRENDE LA PAROLA SUL PALCO CENTRALE DEL WEB SUMMIT CON ALESSANDRO DEL PIERO - Socios.com","robots":{"index":"index","follow":"follow","max-snippet":"max-snippet:-1","max-image-preview":"max-image-preview:large","max-video-preview":"max-video-preview:-1"},"canonical":"https:\/\/www.socios.com\/it\/alex-dreyfus-il-ceo-di-socios-com-prende-la-parola-sul-palco-centrale-del-web-summit-con-alessandro-del-piero\/","og_locale":"it_IT","og_type":"article","og_title":"ALEX DREYFUS, IL CEO DI SOCIOS.COM, PRENDE LA PAROLA SUL PALCO CENTRALE DEL WEB SUMMIT CON ALESSANDRO DEL PIERO - Socios.com","og_description":"Il CEO di Socios.com, Alexandre Dreyfus, e il nostro brand ambassador, nonch\u00e9 campione del mondo, Alessandro Del Piero, spiegheranno come la tecnologia blockchain cambier\u00e0 il futuro della tifoseria al Web Summit gioved\u00ec prossimo, il 3 novembre.&nbsp; Alle 15:50 (orario CET), Alex e Alessandro prenderanno la parola sul palco centrale dell\u2019Altice Arena di Lisbona per rivolgersi [&hellip;]","og_url":"https:\/\/www.socios.com\/it\/alex-dreyfus-il-ceo-di-socios-com-prende-la-parola-sul-palco-centrale-del-web-summit-con-alessandro-del-piero\/","og_site_name":"Socios.com","article_published_time":"2022-10-27T11:10:48+00:00","og_image":[{"url":"https:\/\/www.socios.com\/wp-content\/uploads\/2021\/07\/Web-Summit-IT-1024x576-1.jpg","type":"","width":"","height":""}],"author":"Socios.com","twitter_card":"summary_large_image","twitter_misc":{"Scritto da":"Socios.com","Tempo di lettura stimato":"3 minuti"},"schema":{"@context":"https:\/\/schema.org","@graph":[{"@type":"Article","@id":"https:\/\/www.socios.com\/it\/alex-dreyfus-il-ceo-di-socios-com-prende-la-parola-sul-palco-centrale-del-web-summit-con-alessandro-del-piero\/#article","isPartOf":{"@id":"https:\/\/www.socios.com\/it\/alex-dreyfus-il-ceo-di-socios-com-prende-la-parola-sul-palco-centrale-del-web-summit-con-alessandro-del-piero\/"},"author":{"name":"Socios.com","@id":"https:\/\/www.socios.com\/it\/#\/schema\/person\/fb1e17f78419b00c336f2f0a0db27142"},"headline":"ALEX DREYFUS, IL CEO DI SOCIOS.COM, PRENDE LA PAROLA SUL PALCO CENTRALE DEL WEB SUMMIT CON ALESSANDRO DEL PIERO","datePublished":"2022-10-27T11:10:48+00:00","mainEntityOfPage":{"@id":"https:\/\/www.socios.com\/it\/alex-dreyfus-il-ceo-di-socios-com-prende-la-parola-sul-palco-centrale-del-web-summit-con-alessandro-del-piero\/"},"wordCount":697,"publisher":{"@id":"https:\/\/www.socios.com\/it\/#organization"},"image":{"@id":"https:\/\/www.socios.com\/it\/alex-dreyfus-il-ceo-di-socios-com-prende-la-parola-sul-palco-centrale-del-web-summit-con-alessandro-del-piero\/#primaryimage"},"thumbnailUrl":"https:\/\/www.socios.com\/wp-content\/uploads\/2022\/10\/Web-Summit-IT-2.jpg","articleSection":["Blog"],"inLanguage":"it-IT"},{"@type":"WebPage","@id":"https:\/\/www.socios.com\/it\/alex-dreyfus-il-ceo-di-socios-com-prende-la-parola-sul-palco-centrale-del-web-summit-con-alessandro-del-piero\/","url":"https:\/\/www.socios.com\/it\/alex-dreyfus-il-ceo-di-socios-com-prende-la-parola-sul-palco-centrale-del-web-summit-con-alessandro-del-piero\/","name":"ALEX DREYFUS, IL CEO DI SOCIOS.COM, PRENDE LA PAROLA SUL PALCO CENTRALE DEL WEB SUMMIT CON ALESSANDRO DEL PIERO - Socios.com","isPartOf":{"@id":"https:\/\/www.socios.com\/it\/#website"},"primaryImageOfPage":{"@id":"https:\/\/www.socios.com\/it\/alex-dreyfus-il-ceo-di-socios-com-prende-la-parola-sul-palco-centrale-del-web-summit-con-alessandro-del-piero\/#primaryimage"},"image":{"@id":"https:\/\/www.socios.com\/it\/alex-dreyfus-il-ceo-di-socios-com-prende-la-parola-sul-palco-centrale-del-web-summit-con-alessandro-del-piero\/#primaryimage"},"thumbnailUrl":"https:\/\/www.socios.com\/wp-content\/uploads\/2022\/10\/Web-Summit-IT-2.jpg","datePublished":"2022-10-27T11:10:48+00:00","breadcrumb":{"@id":"https:\/\/www.socios.com\/it\/alex-dreyfus-il-ceo-di-socios-com-prende-la-parola-sul-palco-centrale-del-web-summit-con-alessandro-del-piero\/#breadcrumb"},"inLanguage":"it-IT","potentialAction":[{"@type":"ReadAction","target":["https:\/\/www.socios.com\/it\/alex-dreyfus-il-ceo-di-socios-com-prende-la-parola-sul-palco-centrale-del-web-summit-con-alessandro-del-piero\/"]}]},{"@type":"ImageObject","inLanguage":"it-IT","@id":"https:\/\/www.socios.com\/it\/alex-dreyfus-il-ceo-di-socios-com-prende-la-parola-sul-palco-centrale-del-web-summit-con-alessandro-del-piero\/#primaryimage","url":"https:\/\/www.socios.com\/wp-content\/uploads\/2022\/10\/Web-Summit-IT-2.jpg","contentUrl":"https:\/\/www.socios.com\/wp-content\/uploads\/2022\/10\/Web-Summit-IT-2.jpg","width":1920,"height":1080},{"@type":"BreadcrumbList","@id":"https:\/\/www.socios.com\/it\/alex-dreyfus-il-ceo-di-socios-com-prende-la-parola-sul-palco-centrale-del-web-summit-con-alessandro-del-piero\/#breadcrumb","itemListElement":[{"@type":"ListItem","position":1,"name":"Home","item":"https:\/\/www.socios.com\/it\/"},{"@type":"ListItem","position":2,"name":"ALEX DREYFUS, IL CEO DI SOCIOS.COM, PRENDE LA PAROLA SUL PALCO CENTRALE DEL WEB SUMMIT CON ALESSANDRO DEL PIERO"}]},{"@type":"WebSite","@id":"https:\/\/www.socios.com\/it\/#website","url":"https:\/\/www.socios.com\/it\/","name":"Socios.com","description":"","publisher":{"@id":"https:\/\/www.socios.com\/it\/#organization"},"potentialAction":[{"@type":"SearchAction","target":{"@type":"EntryPoint","urlTemplate":"https:\/\/www.socios.com\/it\/?s={search_term_string}"},"query-input":{"@type":"PropertyValueSpecification","valueRequired":true,"valueName":"search_term_string"}}],"inLanguage":"it-IT"},{"@type":"Organization","@id":"https:\/\/www.socios.com\/it\/#organization","name":"Socios.com","url":"https:\/\/www.socios.com\/it\/","logo":{"@type":"ImageObject","inLanguage":"it-IT","@id":"https:\/\/www.socios.com\/it\/#\/schema\/logo\/image\/","url":"https:\/\/www.socios.com\/wp-content\/uploads\/2023\/09\/socios-logo.webp","contentUrl":"https:\/\/www.socios.com\/wp-content\/uploads\/2023\/09\/socios-logo.webp","width":1920,"height":341,"caption":"Socios.com"},"image":{"@id":"https:\/\/www.socios.com\/it\/#\/schema\/logo\/image\/"}},{"@type":"Person","@id":"https:\/\/www.socios.com\/it\/#\/schema\/person\/fb1e17f78419b00c336f2f0a0db27142","name":"Socios.com","image":{"@type":"ImageObject","inLanguage":"it-IT","@id":"https:\/\/www.socios.com\/it\/#\/schema\/person\/image\/","url":"https:\/\/secure.gravatar.com\/avatar\/5bc7fb5e18757f1e35f806dde506e7dddc340045ab67884dd3f88e56b7eef1a2?s=96&d=mm&r=g","contentUrl":"https:\/\/secure.gravatar.com\/avatar\/5bc7fb5e18757f1e35f806dde506e7dddc340045ab67884dd3f88e56b7eef1a2?s=96&d=mm&r=g","caption":"Socios.com"},"url":"https:\/\/www.socios.com\/it\/author\/socios\/"}]}},"_links":{"self":[{"href":"https:\/\/www.socios.com\/it\/wp-json\/wp\/v2\/posts\/112044","targetHints":{"allow":["GET"]}}],"collection":[{"href":"https:\/\/www.socios.com\/it\/wp-json\/wp\/v2\/posts"}],"about":[{"href":"https:\/\/www.socios.com\/it\/wp-json\/wp\/v2\/types\/post"}],"author":[{"embeddable":true,"href":"https:\/\/www.socios.com\/it\/wp-json\/wp\/v2\/users\/9"}],"replies":[{"embeddable":true,"href":"https:\/\/www.socios.com\/it\/wp-json\/wp\/v2\/comments?post=112044"}],"version-history":[{"count":0,"href":"https:\/\/www.socios.com\/it\/wp-json\/wp\/v2\/posts\/112044\/revisions"}],"wp:featuredmedia":[{"embeddable":true,"href":"https:\/\/www.socios.com\/it\/wp-json\/wp\/v2\/media\/112045"}],"wp:attachment":[{"href":"https:\/\/www.socios.com\/it\/wp-json\/wp\/v2\/media?parent=112044"}],"wp:term":[{"taxonomy":"category","embeddable":true,"href":"https:\/\/www.socios.com\/it\/wp-json\/wp\/v2\/categories?post=112044"},{"taxonomy":"post_tag","embeddable":true,"href":"https:\/\/www.socios.com\/it\/wp-json\/wp\/v2\/tags?post=112044"},{"taxonomy":"blog-category","embeddable":true,"href":"https:\/\/www.socios.com\/it\/wp-json\/wp\/v2\/blog-category?post=112044"}],"curies":[{"name":"wp","href":"https:\/\/api.w.org\/{rel}","templated":true}]}}