{"id":113295,"date":"2022-08-02T14:26:09","date_gmt":"2022-08-02T14:26:09","guid":{"rendered":"http:\/\/localhost:8888\/dev-socios\/speciale-calciomercato-2022-fabrizio-romano-risponde-alle-vostre-domande\/"},"modified":"2022-08-02T14:26:09","modified_gmt":"2022-08-02T14:26:09","slug":"speciale-calciomercato-2022-fabrizio-romano-risponde-alle-vostre-domande","status":"publish","type":"post","link":"https:\/\/www.socios.com\/it\/speciale-calciomercato-2022-fabrizio-romano-risponde-alle-vostre-domande\/","title":{"rendered":"Speciale Calciomercato 2022: Fabrizio Romano risponde alle vostre domande"},"content":{"rendered":"\n<p>Il calciomercato estivo scatena sempre dibattiti accesi. I giornalisti associano i calciatori a club diversi e diventa difficile tenere traccia di tutto. La soluzione \u00e8 affidarsi a una fonte attendibile, e chi meglio di <strong>Fabrizio Romano<\/strong>, il famoso giornalista sportivo, pu\u00f2 <strong>rispondere alle vostre domande<\/strong>?&nbsp;<\/p>\n\n\n\n<h2 class=\"wp-block-heading\">Socios.com: vista bordocampo&nbsp;<\/h2>\n\n\n\n<p>Socios.com, l\u2019app di fan engagement, ha un obiettivo semplice, quello di avvicinarvi il pi\u00f9 possibile allo sport che pi\u00f9 amate; e per questo, forse con Fabrizio Romano abbiamo fatto il miglior acquisto di questo calciomercato estivo!&nbsp;<\/p>\n\n\n\n<h2 class=\"wp-block-heading\">Chi \u00e8 Fabrizio Romano?<\/h2>\n\n\n\n<p>Il giornalista italiano Fabrizio Romano \u00e8 diventato famoso come massimo esperto del calciomercato. Il suo motto \u00e8 \u201cHere We Go\u201d, tre parole che i fan aspettano di sentire per sapere che un acquisto \u00e8 andato a buon fine. \u00c8 affidabile, divertente e vicino ai pi\u00f9 importanti giocatori e procuratori del mondo del calcio.<\/p>\n\n\n\n<p>Potete conoscere Fabrizio attraverso il suo <a href=\"https:\/\/www.youtube.com\/c\/FabrizioRomanoYT\">canale YouTube<\/a> e il suo <a href=\"https:\/\/www.twitch.tv\/fabrizioromano\">canale Twitch<\/a>. \u00c8 una sorta di guida personale agli acquisti, ai rinnovi, ai procuratori, agli ingaggi e altro ancora.&nbsp;<\/p>\n\n\n\n<h2 class=\"wp-block-heading\">Vi portiamo dietro le quinte&nbsp;<\/h2>\n\n\n\n<p>Se volete tenervi aggiornati sul calciomercato, i tweet di Fabrizio Romano sono una fonte d\u2019informazione ineccepibile. Seguire il suo account <a href=\"https:\/\/twitter.com\/FabrizioRomano\">Twitter<\/a> \u00e8 un ottimo modo per tenersi aggiornati, ma Socios.com vi porta oltre. La collaborazione tra i due prende forma in un progetto che vi porta dietro le quinte del calciomercato. Fabrizio lavora senza sosta, dal momento in cui un procuratore incontra il rappresentante di un club, fino al momento in cui l\u2019acquisto viene ultimato\u2026&nbsp; ha seguito in questo modo alcuni degli acquisti pi\u00f9 importanti del calciomercato.<\/p>\n\n\n\n<h2 class=\"wp-block-heading\">Inviate le vostre domande sulla sessione estiva&nbsp;<\/h2>\n\n\n\n<p>Il suo podcast settimanale \u201cHere We Go\u201d va in onda ogni domenica. Con Socios.com puoi partecipare alla conversazione; ti baster\u00e0 inviare le tue domande sull\u2019app di Socios.com, ogni settimana Fabrizio selezioner\u00e0 tre domande a cui rispondere.&nbsp;<\/p>\n\n\n\n<p>La sessione estiva del calciomercato parte il 10 giugno e si conclude alle 23:00 del primo settembre, in questo lasso di tempo potete chiedere a Fabrizio tutto quello che volete.<\/p>\n\n\n\n<h2 class=\"wp-block-heading\">Notizie sul calciomercato da Fabrizio Romano<\/h2>\n\n\n\n<p>Non c\u2019\u00e8 modo migliore per ricevere tutti gli scoop esclusivi. Che siate incuriositi dagli aneddoti \u2026 , che vogliate conoscere i retroscena o sapere in quale club giocher\u00e0 il vostro calciatore preferito nella prossima stagione, chiedete a Fabrizio!<\/p>\n\n\n\n<p>Parliamo di acquisti, Here We Go!&nbsp;<\/p>\n","protected":false},"excerpt":{"rendered":"<p>Il calciomercato estivo scatena sempre dibattiti accesi. I giornalisti associano i calciatori a club diversi e diventa difficile tenere traccia di tutto. La soluzione \u00e8 affidarsi a una fonte attendibile, e chi meglio di Fabrizio Romano, il famoso giornalista sportivo, pu\u00f2 rispondere alle vostre domande?&nbsp; Socios.com: vista bordocampo&nbsp; Socios.com, l\u2019app di fan engagement, ha un [&hellip;]<\/p>\n","protected":false},"author":9,"featured_media":113296,"comment_status":"","ping_status":"open","sticky":false,"template":"","format":"standard","meta":{"_acf_changed":false,"footnotes":""},"categories":[79],"tags":[],"blog-category":[],"class_list":["post-113295","post","type-post","status-publish","format-standard","has-post-thumbnail","hentry","category-blog-en"],"acf":[],"yoast_head":"<!-- This site is optimized with the Yoast SEO plugin v26.2 - https:\/\/yoast.com\/wordpress\/plugins\/seo\/ -->\n<title>Speciale Calciomercato 2022: Fabrizio Romano risponde alle vostre domande - Socios.com<\/title>\n<meta name=\"description\" content=\"Fai un giro nei retroscena del calciomercato con Socios.com e il giornalista Fabrizio Romano\" \/>\n<meta name=\"robots\" content=\"index, follow, max-snippet:-1, max-image-preview:large, max-video-preview:-1\" \/>\n<link rel=\"canonical\" href=\"https:\/\/www.socios.com\/it\/speciale-calciomercato-2022-fabrizio-romano-risponde-alle-vostre-domande\/\" \/>\n<meta property=\"og:locale\" content=\"it_IT\" \/>\n<meta property=\"og:type\" content=\"article\" \/>\n<meta property=\"og:title\" content=\"Speciale Calciomercato 2022: Fabrizio Romano risponde alle vostre domande - Socios.com\" \/>\n<meta property=\"og:description\" content=\"Fai un giro nei retroscena del calciomercato con Socios.com e il giornalista Fabrizio Romano\" \/>\n<meta property=\"og:url\" content=\"https:\/\/www.socios.com\/it\/speciale-calciomercato-2022-fabrizio-romano-risponde-alle-vostre-domande\/\" \/>\n<meta property=\"og:site_name\" content=\"Socios.com\" \/>\n<meta property=\"article:published_time\" content=\"2022-08-02T14:26:09+00:00\" \/>\n<meta property=\"og:image\" content=\"https:\/\/www.socios.com\/wp-content\/uploads\/2024\/04\/socios-media.jpeg\" \/>\n\t<meta property=\"og:image:width\" content=\"1200\" \/>\n\t<meta property=\"og:image:height\" content=\"630\" \/>\n\t<meta property=\"og:image:type\" content=\"image\/jpeg\" \/>\n<meta name=\"author\" content=\"Socios.com\" \/>\n<meta name=\"twitter:card\" content=\"summary_large_image\" \/>\n<meta name=\"twitter:label1\" content=\"Scritto da\" \/>\n\t<meta name=\"twitter:data1\" content=\"Socios.com\" \/>\n\t<meta name=\"twitter:label2\" content=\"Tempo di lettura stimato\" \/>\n\t<meta name=\"twitter:data2\" content=\"2 minuti\" \/>\n<script type=\"application\/ld+json\" class=\"yoast-schema-graph\">{\"@context\":\"https:\/\/schema.org\",\"@graph\":[{\"@type\":\"Article\",\"@id\":\"https:\/\/www.socios.com\/it\/speciale-calciomercato-2022-fabrizio-romano-risponde-alle-vostre-domande\/#article\",\"isPartOf\":{\"@id\":\"https:\/\/www.socios.com\/it\/speciale-calciomercato-2022-fabrizio-romano-risponde-alle-vostre-domande\/\"},\"author\":{\"name\":\"Socios.com\",\"@id\":\"https:\/\/www.socios.com\/it\/#\/schema\/person\/fb1e17f78419b00c336f2f0a0db27142\"},\"headline\":\"Speciale Calciomercato 2022: Fabrizio Romano risponde alle vostre domande\",\"datePublished\":\"2022-08-02T14:26:09+00:00\",\"mainEntityOfPage\":{\"@id\":\"https:\/\/www.socios.com\/it\/speciale-calciomercato-2022-fabrizio-romano-risponde-alle-vostre-domande\/\"},\"wordCount\":400,\"publisher\":{\"@id\":\"https:\/\/www.socios.com\/it\/#organization\"},\"image\":{\"@id\":\"https:\/\/www.socios.com\/it\/speciale-calciomercato-2022-fabrizio-romano-risponde-alle-vostre-domande\/#primaryimage\"},\"thumbnailUrl\":\"https:\/\/www.socios.com\/wp-content\/uploads\/2022\/08\/Fabrizio-Romano-Here-We-Talk-1.webp\",\"articleSection\":[\"Blog\"],\"inLanguage\":\"it-IT\"},{\"@type\":\"WebPage\",\"@id\":\"https:\/\/www.socios.com\/it\/speciale-calciomercato-2022-fabrizio-romano-risponde-alle-vostre-domande\/\",\"url\":\"https:\/\/www.socios.com\/it\/speciale-calciomercato-2022-fabrizio-romano-risponde-alle-vostre-domande\/\",\"name\":\"Speciale Calciomercato 2022: Fabrizio Romano risponde alle vostre domande - Socios.com\",\"isPartOf\":{\"@id\":\"https:\/\/www.socios.com\/it\/#website\"},\"primaryImageOfPage\":{\"@id\":\"https:\/\/www.socios.com\/it\/speciale-calciomercato-2022-fabrizio-romano-risponde-alle-vostre-domande\/#primaryimage\"},\"image\":{\"@id\":\"https:\/\/www.socios.com\/it\/speciale-calciomercato-2022-fabrizio-romano-risponde-alle-vostre-domande\/#primaryimage\"},\"thumbnailUrl\":\"https:\/\/www.socios.com\/wp-content\/uploads\/2022\/08\/Fabrizio-Romano-Here-We-Talk-1.webp\",\"datePublished\":\"2022-08-02T14:26:09+00:00\",\"description\":\"Fai un giro nei retroscena del calciomercato con Socios.com e il giornalista Fabrizio Romano\",\"breadcrumb\":{\"@id\":\"https:\/\/www.socios.com\/it\/speciale-calciomercato-2022-fabrizio-romano-risponde-alle-vostre-domande\/#breadcrumb\"},\"inLanguage\":\"it-IT\",\"potentialAction\":[{\"@type\":\"ReadAction\",\"target\":[\"https:\/\/www.socios.com\/it\/speciale-calciomercato-2022-fabrizio-romano-risponde-alle-vostre-domande\/\"]}]},{\"@type\":\"ImageObject\",\"inLanguage\":\"it-IT\",\"@id\":\"https:\/\/www.socios.com\/it\/speciale-calciomercato-2022-fabrizio-romano-risponde-alle-vostre-domande\/#primaryimage\",\"url\":\"https:\/\/www.socios.com\/wp-content\/uploads\/2022\/08\/Fabrizio-Romano-Here-We-Talk-1.webp\",\"contentUrl\":\"https:\/\/www.socios.com\/wp-content\/uploads\/2022\/08\/Fabrizio-Romano-Here-We-Talk-1.webp\",\"width\":1900,\"height\":560},{\"@type\":\"BreadcrumbList\",\"@id\":\"https:\/\/www.socios.com\/it\/speciale-calciomercato-2022-fabrizio-romano-risponde-alle-vostre-domande\/#breadcrumb\",\"itemListElement\":[{\"@type\":\"ListItem\",\"position\":1,\"name\":\"Home\",\"item\":\"https:\/\/www.socios.com\/it\/\"},{\"@type\":\"ListItem\",\"position\":2,\"name\":\"Speciale Calciomercato 2022: Fabrizio Romano risponde alle vostre domande\"}]},{\"@type\":\"WebSite\",\"@id\":\"https:\/\/www.socios.com\/it\/#website\",\"url\":\"https:\/\/www.socios.com\/it\/\",\"name\":\"Socios.com\",\"description\":\"\",\"publisher\":{\"@id\":\"https:\/\/www.socios.com\/it\/#organization\"},\"potentialAction\":[{\"@type\":\"SearchAction\",\"target\":{\"@type\":\"EntryPoint\",\"urlTemplate\":\"https:\/\/www.socios.com\/it\/?s={search_term_string}\"},\"query-input\":{\"@type\":\"PropertyValueSpecification\",\"valueRequired\":true,\"valueName\":\"search_term_string\"}}],\"inLanguage\":\"it-IT\"},{\"@type\":\"Organization\",\"@id\":\"https:\/\/www.socios.com\/it\/#organization\",\"name\":\"Socios.com\",\"url\":\"https:\/\/www.socios.com\/it\/\",\"logo\":{\"@type\":\"ImageObject\",\"inLanguage\":\"it-IT\",\"@id\":\"https:\/\/www.socios.com\/it\/#\/schema\/logo\/image\/\",\"url\":\"https:\/\/www.socios.com\/wp-content\/uploads\/2023\/09\/socios-logo.webp\",\"contentUrl\":\"https:\/\/www.socios.com\/wp-content\/uploads\/2023\/09\/socios-logo.webp\",\"width\":1920,\"height\":341,\"caption\":\"Socios.com\"},\"image\":{\"@id\":\"https:\/\/www.socios.com\/it\/#\/schema\/logo\/image\/\"}},{\"@type\":\"Person\",\"@id\":\"https:\/\/www.socios.com\/it\/#\/schema\/person\/fb1e17f78419b00c336f2f0a0db27142\",\"name\":\"Socios.com\",\"image\":{\"@type\":\"ImageObject\",\"inLanguage\":\"it-IT\",\"@id\":\"https:\/\/www.socios.com\/it\/#\/schema\/person\/image\/\",\"url\":\"https:\/\/secure.gravatar.com\/avatar\/5bc7fb5e18757f1e35f806dde506e7dddc340045ab67884dd3f88e56b7eef1a2?s=96&d=mm&r=g\",\"contentUrl\":\"https:\/\/secure.gravatar.com\/avatar\/5bc7fb5e18757f1e35f806dde506e7dddc340045ab67884dd3f88e56b7eef1a2?s=96&d=mm&r=g\",\"caption\":\"Socios.com\"},\"url\":\"https:\/\/www.socios.com\/it\/author\/socios\/\"}]}<\/script>\n<!-- \/ Yoast SEO plugin. -->","yoast_head_json":{"title":"Speciale Calciomercato 2022: Fabrizio Romano risponde alle vostre domande - Socios.com","description":"Fai un giro nei retroscena del calciomercato con Socios.com e il giornalista Fabrizio Romano","robots":{"index":"index","follow":"follow","max-snippet":"max-snippet:-1","max-image-preview":"max-image-preview:large","max-video-preview":"max-video-preview:-1"},"canonical":"https:\/\/www.socios.com\/it\/speciale-calciomercato-2022-fabrizio-romano-risponde-alle-vostre-domande\/","og_locale":"it_IT","og_type":"article","og_title":"Speciale Calciomercato 2022: Fabrizio Romano risponde alle vostre domande - Socios.com","og_description":"Fai un giro nei retroscena del calciomercato con Socios.com e il giornalista Fabrizio Romano","og_url":"https:\/\/www.socios.com\/it\/speciale-calciomercato-2022-fabrizio-romano-risponde-alle-vostre-domande\/","og_site_name":"Socios.com","article_published_time":"2022-08-02T14:26:09+00:00","og_image":[{"width":1200,"height":630,"url":"https:\/\/www.socios.com\/wp-content\/uploads\/2024\/04\/socios-media.jpeg","type":"image\/jpeg"}],"author":"Socios.com","twitter_card":"summary_large_image","twitter_misc":{"Scritto da":"Socios.com","Tempo di lettura stimato":"2 minuti"},"schema":{"@context":"https:\/\/schema.org","@graph":[{"@type":"Article","@id":"https:\/\/www.socios.com\/it\/speciale-calciomercato-2022-fabrizio-romano-risponde-alle-vostre-domande\/#article","isPartOf":{"@id":"https:\/\/www.socios.com\/it\/speciale-calciomercato-2022-fabrizio-romano-risponde-alle-vostre-domande\/"},"author":{"name":"Socios.com","@id":"https:\/\/www.socios.com\/it\/#\/schema\/person\/fb1e17f78419b00c336f2f0a0db27142"},"headline":"Speciale Calciomercato 2022: Fabrizio Romano risponde alle vostre domande","datePublished":"2022-08-02T14:26:09+00:00","mainEntityOfPage":{"@id":"https:\/\/www.socios.com\/it\/speciale-calciomercato-2022-fabrizio-romano-risponde-alle-vostre-domande\/"},"wordCount":400,"publisher":{"@id":"https:\/\/www.socios.com\/it\/#organization"},"image":{"@id":"https:\/\/www.socios.com\/it\/speciale-calciomercato-2022-fabrizio-romano-risponde-alle-vostre-domande\/#primaryimage"},"thumbnailUrl":"https:\/\/www.socios.com\/wp-content\/uploads\/2022\/08\/Fabrizio-Romano-Here-We-Talk-1.webp","articleSection":["Blog"],"inLanguage":"it-IT"},{"@type":"WebPage","@id":"https:\/\/www.socios.com\/it\/speciale-calciomercato-2022-fabrizio-romano-risponde-alle-vostre-domande\/","url":"https:\/\/www.socios.com\/it\/speciale-calciomercato-2022-fabrizio-romano-risponde-alle-vostre-domande\/","name":"Speciale Calciomercato 2022: Fabrizio Romano risponde alle vostre domande - Socios.com","isPartOf":{"@id":"https:\/\/www.socios.com\/it\/#website"},"primaryImageOfPage":{"@id":"https:\/\/www.socios.com\/it\/speciale-calciomercato-2022-fabrizio-romano-risponde-alle-vostre-domande\/#primaryimage"},"image":{"@id":"https:\/\/www.socios.com\/it\/speciale-calciomercato-2022-fabrizio-romano-risponde-alle-vostre-domande\/#primaryimage"},"thumbnailUrl":"https:\/\/www.socios.com\/wp-content\/uploads\/2022\/08\/Fabrizio-Romano-Here-We-Talk-1.webp","datePublished":"2022-08-02T14:26:09+00:00","description":"Fai un giro nei retroscena del calciomercato con Socios.com e il giornalista Fabrizio Romano","breadcrumb":{"@id":"https:\/\/www.socios.com\/it\/speciale-calciomercato-2022-fabrizio-romano-risponde-alle-vostre-domande\/#breadcrumb"},"inLanguage":"it-IT","potentialAction":[{"@type":"ReadAction","target":["https:\/\/www.socios.com\/it\/speciale-calciomercato-2022-fabrizio-romano-risponde-alle-vostre-domande\/"]}]},{"@type":"ImageObject","inLanguage":"it-IT","@id":"https:\/\/www.socios.com\/it\/speciale-calciomercato-2022-fabrizio-romano-risponde-alle-vostre-domande\/#primaryimage","url":"https:\/\/www.socios.com\/wp-content\/uploads\/2022\/08\/Fabrizio-Romano-Here-We-Talk-1.webp","contentUrl":"https:\/\/www.socios.com\/wp-content\/uploads\/2022\/08\/Fabrizio-Romano-Here-We-Talk-1.webp","width":1900,"height":560},{"@type":"BreadcrumbList","@id":"https:\/\/www.socios.com\/it\/speciale-calciomercato-2022-fabrizio-romano-risponde-alle-vostre-domande\/#breadcrumb","itemListElement":[{"@type":"ListItem","position":1,"name":"Home","item":"https:\/\/www.socios.com\/it\/"},{"@type":"ListItem","position":2,"name":"Speciale Calciomercato 2022: Fabrizio Romano risponde alle vostre domande"}]},{"@type":"WebSite","@id":"https:\/\/www.socios.com\/it\/#website","url":"https:\/\/www.socios.com\/it\/","name":"Socios.com","description":"","publisher":{"@id":"https:\/\/www.socios.com\/it\/#organization"},"potentialAction":[{"@type":"SearchAction","target":{"@type":"EntryPoint","urlTemplate":"https:\/\/www.socios.com\/it\/?s={search_term_string}"},"query-input":{"@type":"PropertyValueSpecification","valueRequired":true,"valueName":"search_term_string"}}],"inLanguage":"it-IT"},{"@type":"Organization","@id":"https:\/\/www.socios.com\/it\/#organization","name":"Socios.com","url":"https:\/\/www.socios.com\/it\/","logo":{"@type":"ImageObject","inLanguage":"it-IT","@id":"https:\/\/www.socios.com\/it\/#\/schema\/logo\/image\/","url":"https:\/\/www.socios.com\/wp-content\/uploads\/2023\/09\/socios-logo.webp","contentUrl":"https:\/\/www.socios.com\/wp-content\/uploads\/2023\/09\/socios-logo.webp","width":1920,"height":341,"caption":"Socios.com"},"image":{"@id":"https:\/\/www.socios.com\/it\/#\/schema\/logo\/image\/"}},{"@type":"Person","@id":"https:\/\/www.socios.com\/it\/#\/schema\/person\/fb1e17f78419b00c336f2f0a0db27142","name":"Socios.com","image":{"@type":"ImageObject","inLanguage":"it-IT","@id":"https:\/\/www.socios.com\/it\/#\/schema\/person\/image\/","url":"https:\/\/secure.gravatar.com\/avatar\/5bc7fb5e18757f1e35f806dde506e7dddc340045ab67884dd3f88e56b7eef1a2?s=96&d=mm&r=g","contentUrl":"https:\/\/secure.gravatar.com\/avatar\/5bc7fb5e18757f1e35f806dde506e7dddc340045ab67884dd3f88e56b7eef1a2?s=96&d=mm&r=g","caption":"Socios.com"},"url":"https:\/\/www.socios.com\/it\/author\/socios\/"}]}},"_links":{"self":[{"href":"https:\/\/www.socios.com\/it\/wp-json\/wp\/v2\/posts\/113295","targetHints":{"allow":["GET"]}}],"collection":[{"href":"https:\/\/www.socios.com\/it\/wp-json\/wp\/v2\/posts"}],"about":[{"href":"https:\/\/www.socios.com\/it\/wp-json\/wp\/v2\/types\/post"}],"author":[{"embeddable":true,"href":"https:\/\/www.socios.com\/it\/wp-json\/wp\/v2\/users\/9"}],"replies":[{"embeddable":true,"href":"https:\/\/www.socios.com\/it\/wp-json\/wp\/v2\/comments?post=113295"}],"version-history":[{"count":0,"href":"https:\/\/www.socios.com\/it\/wp-json\/wp\/v2\/posts\/113295\/revisions"}],"wp:featuredmedia":[{"embeddable":true,"href":"https:\/\/www.socios.com\/it\/wp-json\/wp\/v2\/media\/113296"}],"wp:attachment":[{"href":"https:\/\/www.socios.com\/it\/wp-json\/wp\/v2\/media?parent=113295"}],"wp:term":[{"taxonomy":"category","embeddable":true,"href":"https:\/\/www.socios.com\/it\/wp-json\/wp\/v2\/categories?post=113295"},{"taxonomy":"post_tag","embeddable":true,"href":"https:\/\/www.socios.com\/it\/wp-json\/wp\/v2\/tags?post=113295"},{"taxonomy":"blog-category","embeddable":true,"href":"https:\/\/www.socios.com\/it\/wp-json\/wp\/v2\/blog-category?post=113295"}],"curies":[{"name":"wp","href":"https:\/\/api.w.org\/{rel}","templated":true}]}}